{"id":1233,"date":"2025-02-22T17:35:37","date_gmt":"2025-02-22T15:35:37","guid":{"rendered":"http:\/\/tuijasonkkila.fi\/?p=1233"},"modified":"2025-02-22T17:35:37","modified_gmt":"2025-02-22T15:35:37","slug":"sattui-ja-tapahtui","status":"publish","type":"post","link":"https:\/\/tuijasonkkila.fi\/?p=1233","title":{"rendered":"Sattui ja tapahtui"},"content":{"rendered":"\n<p>[Ilmestyi alun perin Facebookissa vuonna 2022]<\/p>\n\n\n\n<p>Sata vuotta sitten oli toisenlaista, eritoten perheiss\u00e4.<\/p>\n\n\n\n<p>Kun is\u00e4n \u00e4iti syntyi 1901, h\u00e4n oli j\u00e4rjestyksess\u00e4 nelj\u00e4s lapsi. Esikoinen, tytt\u00f6, oli el\u00e4nyt vain kolme kuukautta. Seuraavat kaksi olivat poikia.<\/p>\n\n\n\n<p>Veljet olivat iso\u00e4idin syntyess\u00e4 3- ja 7-vuotiaita. Haluaisin ajatella, ett\u00e4 ainakin nuoremmasta tuli iso\u00e4idille leikkikaveri, siin\u00e4 m\u00e4\u00e4rin kuin <em>leikki\u00e4 <\/em>nyt edes oli suomen kielen sanastoa viel\u00e4 siihen aikaan. Lyhyt vapaa ajanjakso ennen maaseudun kyl\u00e4yhteis\u00f6n t\u00f6iden alkamista.<\/p>\n\n\n\n<p>Kun iso\u00e4iti oli 5-vuotias, h\u00e4n sai siskon. Oliko se odotettu tapahtuma? Mahdoton sanoa. Saattoi olla niinkin, ett\u00e4 yksi lapsi lis\u00e4\u00e4 tiesi muille v\u00e4hemm\u00e4n tilaa ja ruokaa. N\u00e4lk\u00e4\u00e4 ei n\u00e4ihin aikoihin varsinaisesti n\u00e4hty, vaikkei mit\u00e4\u00e4n ylim\u00e4\u00e4r\u00e4ist\u00e4 ollutkaan. Mutta niin vain k\u00e4vi, ett\u00e4 pikkusisko ehti tuskin oppia k\u00e4velem\u00e4\u00e4n ennen kuin el\u00e4m\u00e4 jo p\u00e4\u00e4ttyi.<\/p>\n\n\n\n<p>Iso\u00e4idin kotikyl\u00e4ss\u00e4 oli ollut kansakoulu jo kymmenisen vuotta. Jos kaikki lapset olisivat menneet kouluun noin 7-vuotiaana niin kuin nyt on tapana, iso\u00e4iti olisi juuri aloittanut ensimm\u00e4isen luokan, kun perheeseen syntyi uusi poikavauva. Vanhemmat pojat olivat jo 10 ja 13, joten tapahtuma oli heille luultavasti melko lailla et\u00e4inen. Parkuva nyytti pirtin nurkassa.<\/p>\n\n\n\n<p>Lukuvuonna 1907-1908 kyl\u00e4n koulua k\u00e4vi 15 poikaa ja 15 tytt\u00f6\u00e4. Iso\u00e4iti tuskin oli yksi heist\u00e4. Perheen toiseksi vanhin poika suoritti kansakoulun p\u00e4\u00e4tt\u00f6tutkinnon vuonna 1912, nykymittapuun mukaan todella my\u00f6h\u00e4\u00e4n, 14-vuotiaana, mutta kuitenkin. Koulu ei ollut perheess\u00e4 mik\u00e4\u00e4n tuntematon k\u00e4site muutenkaan. Maakauppiaana toiminut is\u00e4 oli ollut koulun taloudenhoitaja ja my\u00f6hemmin johtokunnan j\u00e4sen. Silti veikkaan, ett\u00e4 ykk\u00f6stoive perheen tytt\u00e4ren tulevaisuudeksi oli sittenkin maatalon em\u00e4nt\u00e4; jos t\u00e4m\u00e4 jotakin oppia kaipasi niin k\u00e4den ja taloudenpidon. En ep\u00e4ile ollenkaan, etteik\u00f6 iso\u00e4idist\u00e4 olisi ollut my\u00f6s koulun penkille. Viel\u00e4 80-vuotiaanakin h\u00e4n oli aikaansa seuraava, itsen\u00e4isesti ajatteleva persoona.<\/p>\n\n\n\n<p>Vuonna 1842 tuli luvalliseksi harjoittaa kauppaa maaseudulla. T\u00e4llaista kauppiasta kutsuttiin maakauppiaaksi. Perheen is\u00e4 oli ryhtynyt kauppiaaksi vuonna 1892, samana vuonna kuin avioitui.<\/p>\n\n\n\n<p>Vuonna 1909 perheen vanhin poika menehtyi 14 vuoden i\u00e4ss\u00e4. Ehk\u00e4 yll\u00e4tt\u00e4en, tai sitten h\u00e4nell\u00e4 oli ollut terveysongelmia aiemminkin. Kuolinsyyksi kirjattiin seurakunnan toimesta <em>sulku<\/em>. Henki ei en\u00e4\u00e4 kulkenut, syyst\u00e4 tai toisesta. Hengenahdistus, astma, keuhkotauti &#8211; tauteja oli monenlaisia. Joka tapauksessa vaiva, joka olisi ollut parannettavissa tai v\u00e4hint\u00e4\u00e4n pidett\u00e4viss\u00e4 kurissa t\u00e4m\u00e4n p\u00e4iv\u00e4n l\u00e4\u00e4ketieteen keinoin, mutta ei tuon p\u00e4iv\u00e4n.<\/p>\n\n\n\n<p>Kului kaksi vuotta niin kuin ne tuppaavat kulumaan, hitaasti mutta varmasti. Seuraava poikalapsi syntyi vuonna 1911, ik\u00e4\u00e4n kuin 10-vuotislahjaksi iso\u00e4idille. Ilo oli j\u00e4lleen valitettavan lyhytaikainen, sill\u00e4 jo vuoden kuluttua t\u00e4m\u00e4kin vauva haudattiin. Lapsikuolleisuus oli j\u00e4rkytt\u00e4v\u00e4n yleist\u00e4.<\/p>\n\n\n\n<p>Ik\u00e4vyydet eiv\u00e4t loppuneet t\u00e4h\u00e4n.<\/p>\n\n\n\n<p>1920-luku oli tavattoman v\u00e4kivaltainen vuosikymmen. Sis\u00e4llissodan p\u00e4\u00e4ttymisest\u00e4 oli kulunut vasta v\u00e4h\u00e4n aikaa, ja kieltolaki oli voimassa. Kansa joi ja tappeli. Kes\u00e4ll\u00e4 1928 perheen nuorin, 20-vuotias poika oli juovusp\u00e4iss\u00e4\u00e4n, parin kaverin kanssa, rettel\u00f6inyt kyl\u00e4ll\u00e4 er\u00e4\u00e4n talon pihamaalla. Seuraukset olivat fataalit: talon is\u00e4nt\u00e4 l\u00f6i h\u00e4nt\u00e4 puisella kirnunm\u00e4nn\u00e4ll\u00e4 p\u00e4\u00e4h\u00e4n niin ett\u00e4 kallo halkesi. Hovioikeudessa 1929 is\u00e4nt\u00e4 tuomittiin h\u00e4t\u00e4varjelun liioittelusta 6 kuukaudeksi kuritushuoneeseen.<\/p>\n\n\n\n<p>Iso\u00e4iti oli tuolloin 27-vuotias kahden poikalapsen \u00e4iti ja maatalon em\u00e4nt\u00e4. Toinen pojista oli vastik\u00e4\u00e4n syntynyt. H\u00e4n oli is\u00e4ni.<\/p>\n\n\n\n<figure class=\"wp-block-image size-large\"><a href=\"https:\/\/tuijasonkkila.fi\/wp-content\/uploads\/2025\/02\/museovirasto.636BD2EA5A63C74DD0486CC18B31C237-0-master.jpg\"><img loading=\"lazy\" decoding=\"async\" width=\"656\" height=\"1024\" src=\"https:\/\/tuijasonkkila.fi\/wp-content\/uploads\/2025\/02\/museovirasto.636BD2EA5A63C74DD0486CC18B31C237-0-master-656x1024.jpg\" alt=\"\" class=\"wp-image-1234\" srcset=\"https:\/\/tuijasonkkila.fi\/wp-content\/uploads\/2025\/02\/museovirasto.636BD2EA5A63C74DD0486CC18B31C237-0-master-656x1024.jpg 656w, https:\/\/tuijasonkkila.fi\/wp-content\/uploads\/2025\/02\/museovirasto.636BD2EA5A63C74DD0486CC18B31C237-0-master-192x300.jpg 192w, https:\/\/tuijasonkkila.fi\/wp-content\/uploads\/2025\/02\/museovirasto.636BD2EA5A63C74DD0486CC18B31C237-0-master-768x1198.jpg 768w, https:\/\/tuijasonkkila.fi\/wp-content\/uploads\/2025\/02\/museovirasto.636BD2EA5A63C74DD0486CC18B31C237-0-master.jpg 769w\" sizes=\"auto, (max-width: 656px) 100vw, 656px\" \/><\/a><figcaption class=\"wp-element-caption\">M\u00e4ntypuusta tehty kirnu, jossa on kolme vanneparia (keskimm\u00e4iset vanteet puuttuvat). Kirnu on maalattu punaruskeaksi. M\u00e4nt\u00e4 on kuusireik\u00e4inen. <a href=\"https:\/\/www.finna.fi\/Record\/musketti.M012:S165:\">Suomen Kansallismuseo. <\/a><\/figcaption><\/figure>\n","protected":false},"excerpt":{"rendered":"<p>[Ilmestyi alun perin Facebookissa vuonna 2022] Sata vuotta sitten oli toisenlaista, eritoten perheiss\u00e4. Kun is\u00e4n \u00e4iti syntyi 1901, h\u00e4n oli j\u00e4rjestyksess\u00e4 nelj\u00e4s lapsi. Esikoinen, tytt\u00f6, oli el\u00e4nyt vain kolme kuukautta. Seuraavat kaksi olivat poikia. Veljet olivat iso\u00e4idin syntyess\u00e4 3- ja 7-vuotiaita. Haluaisin ajatella, ett\u00e4 ainakin nuoremmasta tuli iso\u00e4idille leikkikaveri, siin\u00e4 m\u00e4\u00e4rin kuin leikki\u00e4 nyt edes &hellip; <a href=\"https:\/\/tuijasonkkila.fi\/?p=1233\" class=\"more-link\">Continue reading <span class=\"screen-reader-text\">Sattui ja tapahtui<\/span> <span class=\"meta-nav\">&rarr;<\/span><\/a><\/p>\n","protected":false},"author":1,"featured_media":0,"comment_status":"closed","ping_status":"closed","sticky":false,"template":"","format":"standard","meta":{"footnotes":""},"categories":[147],"tags":[],"class_list":["post-1233","post","type-post","status-publish","format-standard","hentry","category-history"],"_links":{"self":[{"href":"https:\/\/tuijasonkkila.fi\/index.php?rest_route=\/wp\/v2\/posts\/1233","targetHints":{"allow":["GET"]}}],"collection":[{"href":"https:\/\/tuijasonkkila.fi\/index.php?rest_route=\/wp\/v2\/posts"}],"about":[{"href":"https:\/\/tuijasonkkila.fi\/index.php?rest_route=\/wp\/v2\/types\/post"}],"author":[{"embeddable":true,"href":"https:\/\/tuijasonkkila.fi\/index.php?rest_route=\/wp\/v2\/users\/1"}],"replies":[{"embeddable":true,"href":"https:\/\/tuijasonkkila.fi\/index.php?rest_route=%2Fwp%2Fv2%2Fcomments&post=1233"}],"version-history":[{"count":2,"href":"https:\/\/tuijasonkkila.fi\/index.php?rest_route=\/wp\/v2\/posts\/1233\/revisions"}],"predecessor-version":[{"id":1236,"href":"https:\/\/tuijasonkkila.fi\/index.php?rest_route=\/wp\/v2\/posts\/1233\/revisions\/1236"}],"wp:attachment":[{"href":"https:\/\/tuijasonkkila.fi\/index.php?rest_route=%2Fwp%2Fv2%2Fmedia&parent=1233"}],"wp:term":[{"taxonomy":"category","embeddable":true,"href":"https:\/\/tuijasonkkila.fi\/index.php?rest_route=%2Fwp%2Fv2%2Fcategories&post=1233"},{"taxonomy":"post_tag","embeddable":true,"href":"https:\/\/tuijasonkkila.fi\/index.php?rest_route=%2Fwp%2Fv2%2Ftags&post=1233"}],"curies":[{"name":"wp","href":"https:\/\/api.w.org\/{rel}","templated":true}]}}