{"id":924,"date":"2022-11-05T11:44:30","date_gmt":"2022-11-05T09:44:30","guid":{"rendered":"http:\/\/tuijasonkkila.fi\/?p=924"},"modified":"2024-09-20T13:18:00","modified_gmt":"2024-09-20T10:18:00","slug":"madeira-2016","status":"publish","type":"post","link":"https:\/\/tuijasonkkila.fi\/?p=924","title":{"rendered":"Madeira 2016"},"content":{"rendered":"\n<p>Ilmestynyt alun perin Facebookissa.<\/p>\n\n\n\n<figure class=\"wp-block-embed-flickr wp-block-embed is-type-photo is-provider-flickr\"><div class=\"wp-block-embed__wrapper\">\n<a href=\"https:\/\/flickr.com\/photos\/dadaa\/24699070126\/in\/album-72157663759512066\/\"><img loading=\"lazy\" decoding=\"async\" src=\"https:\/\/live.staticflickr.com\/1618\/24699070126_376359c2cf_n.jpg\" alt=\"Desvaloriza\u00e7\u00e3o suspeita\" width=\"320\" height=\"240\" \/><\/a>\n<\/div><\/figure>\n\n\n\n<p> Kun kauppahallin nurkalta l\u00e4htee kohti luodetta ja l\u00f6yt\u00e4\u00e4 kapean Rua de  Concei\u00e7\u0101o\u2019n, niin ensin sit\u00e4 yl\u00f6sp\u00e4in muutama sata metri\u00e4. Ei niin  pient\u00e4 kujaa ettei vastaan tulisi moottoriliikennett\u00e4 reipasta  alam\u00e4kik\u00e4ynti\u00e4, joten ei unohtumista ajatuksiin, please. Kuljettaja  k\u00e4\u00e4nt\u00e4\u00e4 rattia, renaultti tottelee, renkaat vingahtavat tahmaisesti  vaaleilla, neliskanttisilla kalkkikivill\u00e4 &#8211; ja auto kaartaa sivukadulle.  Nyt voi irtautua sein\u00e4st\u00e4 ja k\u00e4vell\u00e4 hetken keskell\u00e4 tiet\u00e4.<br><br>  Jyrk\u00e4hk\u00f6n nelj\u00e4n kadun risteyksen takaa alkaa Rua de Santa Luzia. Kohde:  numero 113. T\u00e4m\u00e4 tarkoittaa noin viitt\u00e4kymment\u00e4 paritonta osoitetta ja  kahtakymment\u00e4 per\u00e4tt\u00e4ist\u00e4 korttelia. Tarkista tossunny\u00f6rit. Onko reppu  hyvin sel\u00e4ss\u00e4? Hapensaanti ok?<br><br> T\u00e4h\u00e4n asti ei nousua ole ollut nimeksik\u00e4\u00e4n, mutta nyt se alkaa. <\/p>\n\n\n\n<figure class=\"wp-block-embed-flickr wp-block-embed is-type-photo is-provider-flickr\"><div class=\"wp-block-embed__wrapper\">\n<a href=\"https:\/\/flickr.com\/photos\/dadaa\/24022545963\/in\/album-72157663759512066\/\"><img loading=\"lazy\" decoding=\"async\" src=\"https:\/\/live.staticflickr.com\/1658\/24022545963_0dc250fe44_n.jpg\" alt=\" \" width=\"320\" height=\"240\" \/><\/a>\n<\/div><\/figure>\n\n\n\n<p>  Silti silm\u00e4 h\u00e4m\u00e4\u00e4. Sit\u00e4 kuvittelee n\u00e4kev\u00e4ns\u00e4 ajoittain v\u00e4hint\u00e4\u00e4n 25  asteen nousukulman, koska polvet osuvat melkein palleaan. Mutta  tekniikka ei pet\u00e4; k\u00e4nnyk\u00e4n vatupassi v\u00e4itt\u00e4\u00e4 ettei miss\u00e4\u00e4n  mittauskohdassa ylitet\u00e4 10 astetta.<br><br> Tevere do Pinan kohdalla  tekee mieli vet\u00e4\u00e4 henke\u00e4. Ja kannattaakin, sill\u00e4 kujan varrella on l\u00e4hin  ruokakauppa, joten paikka on hyv\u00e4\u00e4 pit\u00e4\u00e4 mieless\u00e4. Pinaa loivasti yl\u00f6s  ja alas, tiukka oikea, jyrkk\u00e4 alas. Ja sama toisin p\u00e4in. Majapaikasta  mennen tullen rapiat 30 minuuttia, ostostapahtuma mukaan lukien. Kauppa  on melko basic, mutta saa sielt\u00e4 silti tuoretta leip\u00e4\u00e4, viini\u00e4 ja muita  peruselintarvikkeita. Oven suussa on l\u00e4j\u00e4 40 litran kukkamultas\u00e4kkej\u00e4.  Niille on ep\u00e4ilem\u00e4tt\u00e4 tarvetta, sill\u00e4 n\u00e4ill\u00e4 main ei juuri en\u00e4\u00e4 n\u00e4y  maata an sich. Jokainen neli\u00f6sentti on tuunattu. Kivetetty, asfaltoitu,  rakennettu, otettu k\u00e4ytt\u00f6\u00f6n. Mutta my\u00f6s viljelykseen. Harva se talon  piha, jossa ei ole paria metri\u00e4 viinik\u00f6ynn\u00f6st\u00e4 ja muutamaa  banaanikasvia.<br><br> Aprop\u00e5 banaani. Wikipedia valistaa, ett\u00e4 se on  liev\u00e4sti radioaktiivinen hedelm\u00e4, sis\u00e4lt\u00e4\u00e4 luonnossa yleist\u00e4 Kalium-40-isotooppia. Tied\u00e4 sitten, eik\u00f6 samaista isotooppia ole miss\u00e4 tahansa  mit\u00e4 nielee tai hengitt\u00e4\u00e4 p\u00e4iv\u00e4n mittaan. Anyways, tein  Wikipedia-syrj\u00e4hypyn kun piti tarkistaa, voiko banaanikasvia kutsua  puuksi. No voi, mutta ei se puu ole, vaan enemm\u00e4nkin ruoho. Inkiv\u00e4\u00e4ri on  samaa porukkaa. <br><br> En\u00e4\u00e4 R. Nova Petro Jos\u00e9 de Ornelasin ylitys,  ja tuttu likaisenkeltainen, kulunut muuri on saavutettu. Nyt voi alkaa  hikoilla! Oikein kunnolla tukanrajasta asti, pitkin kasvoja, hiuksien  p\u00e4ist\u00e4 roiskeina silm\u00e4laseille, polvitaipeissakin on runsaasti  hikirauhasia. Tulee mieleen Helsingin metroasemien t\u00e4m\u00e4n talven  ykk\u00f6smainoslause:\u201dAlensimme hien litrahintaa pysyv\u00e4sti!\u201d<br><br> Muurin  puoliv\u00e4liss\u00e4, 10 asteen m\u00e4ess\u00e4, on aina parkissa jono keltaisia  takseja. Ensimm\u00e4isten kuljettajat nojailevat autoonsa tai seisovat  hajareisin keskell\u00e4 katua. H\u00e4nnill\u00e4 kuskit torkkuvat ikkuna auki. Kun  p\u00e4\u00e4see kohdalle, jokainen valpastuu vuorotellen. \u201cMonte? Taxi?\u201d<br><br>  No, no Monte. Osoitetaan porttia, joka on viimeisen auton per\u00e4valojen  kohdalla. Kolmimetrisen muurin p\u00e4\u00e4ll\u00e4 mutkittelee paksu, ryhmyinen,  harmaa runko, josta ry\u00f6ppy\u00e4\u00e4 kukkaa violettina koskena. Bougainvillea,  joka kukkii Madeiralla (ja muuallakin etel\u00e4ss\u00e4) tammikuussa, keskell\u00e4  talvea, jolloin viinik\u00f6ynn\u00f6kset vasta n\u00e4kev\u00e4t unta ryp\u00e4leist\u00e4, Funchalin  naiset kulkevat pitk\u00e4vartisissa talvisaappaissa ja miehill\u00e4 on pastelli  villapaita harteilla. <br><br> Avain lukkoon, k\u00e4\u00e4nt\u00f6 vasemmalle &#8211; ja s\u00e4hk\u00f6istetyn portin ovet avautuvat hissukseen. Tervetuloa Quinta de Santa Luziaan. <br><br>  Kolmikerroksinen p\u00e4\u00e4talo, joka katsoo alas Funchalin keskustaan ja  Atlantille. Biljardirakennus, romanttisesti r\u00e4nsistynyt eritasopuutarha,  sammakkolampi, vanha tenniskentt\u00e4, uima-allas, alhaalla polun p\u00e4\u00e4ss\u00e4  erillinen B&amp;B-talo, viiniviljelmi\u00e4, kasvihuone, lampola. Kylki  kyljess\u00e4 p\u00e4\u00e4talon kanssa kouluk\u00e4yt\u00f6ss\u00e4 oleva rakennus, josta kantautuu  arkisin melskett\u00e4, jota lapsista l\u00e4htee luonnostaan kaikkialla  maailmassa.<br><\/p>\n\n\n\n<figure class=\"wp-block-embed-flickr wp-block-embed is-type-photo is-provider-flickr\"><div class=\"wp-block-embed__wrapper\">\n<a href=\"https:\/\/flickr.com\/photos\/dadaa\/24171130969\/in\/album-72157663759512066\/\"><img loading=\"lazy\" decoding=\"async\" src=\"https:\/\/live.staticflickr.com\/1447\/24171130969_4e75a59251_n.jpg\" alt=\" \" width=\"320\" height=\"240\" \/><\/a>\n<\/div><\/figure>\n\n\n\n<p> Vuokraan kuuluu kaksi vanhaa koiraa ja laikukas kissa. Kissaa ei ole n\u00e4kynyt sitten tulop\u00e4iv\u00e4n, mutta koirat vaeltavat p\u00e4ivitt\u00e4in ymp\u00e4riins\u00e4. Ylimp\u00e4\u00e4n kerrokseen ne eiv\u00e4t nouse. Siell\u00e4 nukutaan. Usein koirat lojuvat yhdistetyn kirjasto-, ty\u00f6- ja  telkkarihuoneen sohvalla. Kun keitti\u00f6ss\u00e4 kolistellaan, et\u00e4\u00e4lt\u00e4 alkaa  kuulua kynsien rapinaa. Koirat tulevat tarkistamaan, mahtaisiko  lattialle tipahtaa t\u00e4ll\u00e4 kertaa mit\u00e4\u00e4n. Meit\u00e4 pyydettiin olemaan  ruokkimatta koiria, ja s\u00e4\u00e4nt\u00f6\u00e4 on noudatettu. Sit\u00e4 vetoavien katseiden m\u00e4\u00e4r\u00e4\u00e4! <\/p>\n\n\n\n<figure class=\"wp-block-embed-flickr wp-block-embed is-type-photo is-provider-flickr\"><div class=\"wp-block-embed__wrapper\">\n<a href=\"https:\/\/flickr.com\/photos\/dadaa\/24699075306\/in\/album-72157663759512066\/\"><img loading=\"lazy\" decoding=\"async\" src=\"https:\/\/live.staticflickr.com\/1566\/24699075306_a6601d15ea_n.jpg\" alt=\" \" width=\"320\" height=\"240\" \/><\/a>\n<\/div><\/figure>\n\n\n\n<p> Majoitus on niin l\u00e4hell\u00e4 museoasumista kuin vain voi olla. Vanhoista huonekaluista, virttyneist\u00e4 matoista, tahdon voimalla kasassa pysyvist\u00e4 monimetrisist\u00e4 samettiverhoista ja laikukkaiksi kostuneista kirjoista levi\u00e4v\u00e4 tuoksu vaeltaa nen\u00e4\u00e4n heti kynnyksell\u00e4.  Massiivipuinen p\u00e4\u00e4ovi on aina raollaan, jotta ilma vaihtuisi edes joskus.<br><br> Blandy-suvulla on Madeiralla pitk\u00e4t perinteet. Kuinkas muuten, suvuilla aina on. Quintaa py\u00f6ritt\u00e4\u00e4 Andrew, joka on Madeiran Blandyja seitsem\u00e4nness\u00e4 polvessa. Syntynyt 1978, opiskellut Englannissa mm. puutarha-alaa, is\u00e4 kuollut 52-vuotiaana, \u00e4iti el\u00e4\u00e4 viel\u00e4. N\u00e4m\u00e4 ja monta muuta asiaa voi tarkistaa melko tuoreesta historiikista. Sit\u00e4 on  kirjaston p\u00f6yd\u00e4ll\u00e4 selailukappale ja keitti\u00f6n viereisess\u00e4 pikkuhuoneessa yksi myynniss\u00e4, muovitettuna, samassa hyllyss\u00e4  Blandy-madeiraviinipullovalikoiman vieress\u00e4. On sukupuut ja kaikki. <br><br>  Wikipedian suhteen Blandyt ovat olleet v\u00e4h\u00e4sanaisia. Blandy-hakusanalla  l\u00f6yt\u00e4\u00e4 pari rivi\u00e4 kolmesta tyypist\u00e4, joista yksi on taiteilija, toinen  murhanainen ja kolmas amiraali. Ehk\u00e4 ei kukaan t\u00e4t\u00e4 sukua. Wikipediasta  kannattaakin ottaa suuntima kohti <a rel=\"noreferrer noopener\" target=\"_blank\" href=\"http:\/\/www.blandy.com\/en\/\">http:\/\/www.blandy.com\/en\/<\/a> mik\u00e4 kertoo olennaisen t\u00e4st\u00e4 monialayrityksest\u00e4, ja ihan tyylikk\u00e4\u00e4sti kertookin.<br><br>  \u201cGood good\u201d, sanoo Andrew, kun k\u00e4y kysym\u00e4ss\u00e4 onko kaikki ok, ja  kaikkihan on ihan ok. Yst\u00e4v\u00e4llinen hymy, tarkka katse, kalju, pitk\u00e4hk\u00f6,  arkiset farkut ja tennarit, kiireinen.<br><br> Tietysti t\u00e4m\u00e4 on naurettavan iso talo kahdelle turistille. Ensimm\u00e4isen viikon sekoili huonej\u00e4rjestyksen kanssa, ja viel\u00e4kin l\u00f6yt\u00e4\u00e4 k\u00e4yt\u00e4vi\u00e4 ja ovia, joita ei ole huomannut aiemmin. Toisin kuin ulkona, sis\u00e4ll\u00e4 voi harrastaa  horisontaalia liikuntaa, mill\u00e4 tarkoitan you silly people k\u00e4vely\u00e4 keitti\u00f6st\u00e4 ruokasalin, kirjaston, olohuoneen ja aulan kautta takaisin keitti\u00f6\u00f6n. <br><br> Yksin t\u00e4\u00e4ll\u00e4 ei olla. Talon ensimm\u00e4inen, maan tasalla oleva kerros on toimistok\u00e4yt\u00f6ss\u00e4, ja lis\u00e4ksi siell\u00e4 asuu pariskunta, joka tekee talonmiehen ja puutarhurin t\u00f6it\u00e4. <br><br>  Mit\u00e4\u00e4n \u00fcberkallista t\u00e4m\u00e4 ei ole, sill\u00e4 on hiljaisin = halvin kausi koko  vuodesta. Takana ovat kuuluisat joulubileet ja uuden vuoden mega-ilotulitukset. Kun ensi maanantaina poistumme saarelta, t\u00e4nne alkaa  virrata karnevaalikansaa, ja samalla hetkell\u00e4 Quintan vuokra tuplaantuu. Vanhan kaupungin majoituksesta kahdelle viikolle olisi saanut maksaa enemm\u00e4n.<br><\/p>\n\n\n\n<figure class=\"wp-block-embed-flickr wp-block-embed is-type-photo is-provider-flickr\"><div class=\"wp-block-embed__wrapper\">\n<a href=\"https:\/\/flickr.com\/photos\/dadaa\/24170936219\/in\/album-72157663759512066\/\"><img loading=\"lazy\" decoding=\"async\" src=\"https:\/\/live.staticflickr.com\/1672\/24170936219_289c741e7e_n.jpg\" alt=\" \" width=\"320\" height=\"240\" \/><\/a>\n<\/div><\/figure>\n\n\n\n<p> Luksusta? No kyll\u00e4 kai, jos sellaiseksi  luokittelee esimerkiki sen, ett\u00e4 talossa ei ole l\u00e4mmityst\u00e4. L\u00e4hes aina  kun istuu paikallaan &#8211; ja sit\u00e4 on tehty paljon, sek\u00e4 sis\u00e4ll\u00e4 ett\u00e4 ulkona  terassilla &#8211; on oltava p\u00e4\u00e4ll\u00e4 tuplasukat, villapusero ja p\u00e4\u00e4ll\u00e4 viel\u00e4 fleece. Terassilla pit\u00e4\u00e4 olla varmuuden vuoksi mukana iso ja raskas  keltainen puuvillapeitto; ainoa ylim\u00e4\u00e4r\u00e4inen tekstiili, joka l\u00f6ytyi kun  k\u00e4vi l\u00e4pi yl\u00e4kerran lukuisia vaikeasti avautuvia puukaappeja. \u00d6isin ei  tule vilu, koska s\u00e4ngyss\u00e4 on untuvat\u00e4kki, mutta aamulla on kiire  vilahtaa s\u00e4ngyst\u00e4 suoraan 110% vaatetukseen. Talon kylmin paikka on keitti\u00f6, jonka j\u00e4\u00e4kaappiin pit\u00e4\u00e4 itse kantaa alhaalta kaupasta  ruokatavarat! Ja kokata omat ruokansa! Kuten joka paikassa, huonekorkeus  on keitti\u00f6ss\u00e4kin 5 metri\u00e4. Jos metalliveitsi tipahtaa vahingossa kivilattialle, korvat soivat minuutin. Lis\u00e4ksi: muurahaisia. Ei  massiivisia m\u00e4\u00e4ri\u00e4, mutta yll\u00e4tt\u00e4viss\u00e4 paikoissa kuten s\u00e4hk\u00f6isen  vedenkeittimen filtteriss\u00e4 ja p\u00f6yd\u00e4lle y\u00f6ksi unohtuneen vihre\u00e4n paprikan  sis\u00e4ll\u00e4. <br><br> Silti. On t\u00e4ss\u00e4 puolensa. Yksi mielenkiintoinen  juttu on kirjojen m\u00e4\u00e4r\u00e4. Niit\u00e4 on paitsi varsinaisen kirjastohuoneen  seini\u00e4 kiert\u00e4viss\u00e4 kirjahyllyiss\u00e4, my\u00f6s yl\u00e4kerran aulan matalissa  kaapistoissa, pinoissa p\u00f6ydill\u00e4, kylpp\u00e4reiss\u00e4, pimeiden k\u00e4yt\u00e4vien  varrella \u2026 Joku t\u00e4\u00e4ll\u00e4 on harrastanut lukemista. Yleens\u00e4 majapaikoissa  on ns. turistin vaihtarihylly, jonne voi lis\u00e4t\u00e4 ja josta voi ottaa. Aika mielenkiinnotonta, yleens\u00e4. Sanoisin fiinisti, ett\u00e4 Quintassa kokoelma on eklektinen. Eniten on englanninkielisi\u00e4 agenttitarinoita ja  dekkareita. Erityisesti pokkareita, mutta my\u00f6s kovakantisena. Sitten:  poliittista historiaa, taloushistoriaa, henkil\u00f6historiaa.  Viinikirjallisuutta useita hyllymetrej\u00e4, mik\u00e4 ei yll\u00e4t\u00e4, paljon my\u00f6s  portugaliksi. Vanhoja karttakirjoja. Taidetta, matkailua, vuorikiipeily\u00e4 (?), puutarhanhoitoa.<br><br> Kirjastohuone on muutenkin mainio. Sen  kello on pys\u00e4htynyt jonnekin 80-luvulle. Iso valikoima VHS-kasetteja,  LP-levyj\u00e4 ja singlej\u00e4. Telkkari tosin on vaihdettu jossain vaiheessa  littuun, mutta muuten, ken huoneeseen k\u00e4y saa j\u00e4tt\u00e4\u00e4 2010-luvun  digitaaliset h\u00f6mp\u00f6tykset taakseen. Soittimia ei ole viel\u00e4 kokeiltu.<\/p>\n\n\n\n<figure class=\"wp-block-embed-flickr wp-block-embed is-type-photo is-provider-flickr\"><div class=\"wp-block-embed__wrapper\">\n<a href=\"https:\/\/flickr.com\/photos\/dadaa\/24243392730\/in\/album-72157663759512066\/\"><img loading=\"lazy\" decoding=\"async\" src=\"https:\/\/live.staticflickr.com\/1476\/24243392730_d59006a576_n.jpg\" alt=\" \" width=\"320\" height=\"61\" \/><\/a>\n<\/div><\/figure>\n\n\n\n<p>  Katetun ulkoterassin katto hilseilee ankarasti, kalusteet ovat mit\u00e4  ovat, lasiovien puoliintumisaika on ohitettu kauan sitten &#8211; mutta  maisema on ihana. <br><br> Mustap\u00e4\u00e4kerttuja, mustarastaita,  kanarialintuja, punarintoja, tuulihaukkaperhe. Isoja monarkkiperhosia,  sudenkorentoja, pari hyttyst\u00e4, pallop\u00e4\u00e4valaita, lepakkoja. Sammakkojen  taukoamaton kurnutus lammelta. Ja kaiken yll\u00e4 haukuntaa, sill\u00e4 joka  ikisen funchalilaisen talon takorautaisen portin takana p\u00e4ivyst\u00e4\u00e4 ja  y\u00f6vartioi v\u00e4hint\u00e4\u00e4n yksi koira. Erityistarkkailussa on &#8211; tietysti &#8211;  postinkantaja, joka p\u00e4r\u00e4ytt\u00e4\u00e4 arkisin m\u00e4ki\u00e4 yl\u00f6s alas punaisella m\u00f6nkij\u00e4ll\u00e4. Siet\u00e4\u00e4kin tulla haukutuksi.<br><br> <a href=\"https:\/\/kuono.fi\/mita-koira-sanoo-eri-kielilla\/\">\u201cAu au!\u201d<\/a> <br><\/p>\n","protected":false},"excerpt":{"rendered":"<p>Ilmestynyt alun perin Facebookissa. Kun kauppahallin nurkalta l\u00e4htee kohti luodetta ja l\u00f6yt\u00e4\u00e4 kapean Rua de Concei\u00e7\u0101o\u2019n, niin ensin sit\u00e4 yl\u00f6sp\u00e4in muutama sata metri\u00e4. Ei niin pient\u00e4 kujaa ettei vastaan tulisi moottoriliikennett\u00e4 reipasta alam\u00e4kik\u00e4ynti\u00e4, joten ei unohtumista ajatuksiin, please. Kuljettaja k\u00e4\u00e4nt\u00e4\u00e4 rattia, renaultti tottelee, renkaat vingahtavat tahmaisesti vaaleilla, neliskanttisilla kalkkikivill\u00e4 &#8211; ja auto kaartaa sivukadulle. Nyt &hellip; <a href=\"https:\/\/tuijasonkkila.fi\/?p=924\" class=\"more-link\">Continue reading <span class=\"screen-reader-text\">Madeira 2016<\/span> <span class=\"meta-nav\">&rarr;<\/span><\/a><\/p>\n","protected":false},"author":1,"featured_media":0,"comment_status":"closed","ping_status":"closed","sticky":false,"template":"","format":"standard","meta":{"footnotes":""},"categories":[146],"tags":[142,132],"class_list":["post-924","post","type-post","status-publish","format-standard","hentry","category-travel","tag-madeira","tag-travel"],"_links":{"self":[{"href":"https:\/\/tuijasonkkila.fi\/index.php?rest_route=\/wp\/v2\/posts\/924","targetHints":{"allow":["GET"]}}],"collection":[{"href":"https:\/\/tuijasonkkila.fi\/index.php?rest_route=\/wp\/v2\/posts"}],"about":[{"href":"https:\/\/tuijasonkkila.fi\/index.php?rest_route=\/wp\/v2\/types\/post"}],"author":[{"embeddable":true,"href":"https:\/\/tuijasonkkila.fi\/index.php?rest_route=\/wp\/v2\/users\/1"}],"replies":[{"embeddable":true,"href":"https:\/\/tuijasonkkila.fi\/index.php?rest_route=%2Fwp%2Fv2%2Fcomments&post=924"}],"version-history":[{"count":2,"href":"https:\/\/tuijasonkkila.fi\/index.php?rest_route=\/wp\/v2\/posts\/924\/revisions"}],"predecessor-version":[{"id":927,"href":"https:\/\/tuijasonkkila.fi\/index.php?rest_route=\/wp\/v2\/posts\/924\/revisions\/927"}],"wp:attachment":[{"href":"https:\/\/tuijasonkkila.fi\/index.php?rest_route=%2Fwp%2Fv2%2Fmedia&parent=924"}],"wp:term":[{"taxonomy":"category","embeddable":true,"href":"https:\/\/tuijasonkkila.fi\/index.php?rest_route=%2Fwp%2Fv2%2Fcategories&post=924"},{"taxonomy":"post_tag","embeddable":true,"href":"https:\/\/tuijasonkkila.fi\/index.php?rest_route=%2Fwp%2Fv2%2Ftags&post=924"}],"curies":[{"name":"wp","href":"https:\/\/api.w.org\/{rel}","templated":true}]}}